{"id":3955,"date":"2020-02-25T08:47:26","date_gmt":"2020-02-25T07:47:26","guid":{"rendered":"https:\/\/caravistarestaurant.com\/el-caravista-restaurant-reconegut-per-la-guia-repsol-com-a-establiment-recomanat\/"},"modified":"2026-01-15T17:16:33","modified_gmt":"2026-01-15T16:16:33","slug":"el-caravista-restaurant-reconegut-per-la-guia-repsol-com-a-establiment-recomanat","status":"publish","type":"post","link":"https:\/\/caravistarestaurant.com\/ca\/el-caravista-restaurant-reconegut-per-la-guia-repsol-com-a-establiment-recomanat\/","title":{"rendered":"EL CARAVISTA RESTAURANT, RECONEGUT PER LA GUIA REPSOL COM A ESTABLIMENT &#8220;RECOMANAT&#8221;"},"content":{"rendered":"<p><strong>En el decurs de la gala celebrada el vespre d\u2019ahir dilluns a San Sebasti\u00e1n<\/strong><img fetchpriority=\"high\" fetchpriority=\"high\" decoding=\"async\" class=\"size-medium wp-image-1060 alignright\" src=\"https:\/\/caravistarestaurant.com\/wp-content\/uploads\/\/RECOMENDADO2020-300x269.png\" alt=\"\" width=\"300\" height=\"269\" srcset=\"https:\/\/caravistarestaurant.com\/wp-content\/uploads\/RECOMENDADO2020-300x269.png 300w, https:\/\/caravistarestaurant.com\/wp-content\/uploads\/RECOMENDADO2020-600x538.png 600w, https:\/\/caravistarestaurant.com\/wp-content\/uploads\/RECOMENDADO2020-768x689.png 768w, https:\/\/caravistarestaurant.com\/wp-content\/uploads\/RECOMENDADO2020.png 1000w\" sizes=\"(max-width: 300px) 100vw, 300px\" \/><\/p>\n<p>La Guia Repsol ha reconegut el Caravista com a \u201cRestaurant\u00a0recomanat&#8221; en el decurs de la gala celebrada ahir al vespre al Museo de San Telmo de San Sebasti\u00e1n. El local lleidat\u00e0 est\u00e0 regentat per Mateu Blanch, xef especialitzat en cuina marinera i creativa, amb un plantejament que parteix de conceptes tradicionals filtrats a trav\u00e9s del sed\u00e0s de la modernitat, i basat sempre en productes de proximitat i en el peix i marisc de qualitat.<\/p>\n<p>San Sebasti\u00e1n ha acollit enguany la nova edici\u00f3 d&#8217;aquesta prestigiosa gala, que ha aplegat m\u00e9s de 400 persones, entre cuiners guardonats (uns 200) i altres professionals del m\u00f3n gastron\u00f2mic. L&#8217;acte d\u2019ahir clou l&#8217;ampli programa d&#8217;activitats desenvolupat aquests dies per la Guia Repsol i el Govern basc a la capital donostiarra.<\/p>\n<p>Les avaluacions de la Guia Repsol es basen en les valoracions que han fet els inspectors de les comunitats aut\u00f2nomes corresponents, a m\u00e9s del criteri de les diferents acad\u00e8mies de les comunitats aut\u00f2nomes i les not\u00edcies gastron\u00f2miques generades pels restaurants durant l&#8217;any.<\/p>\n<p>Entre altres punts, es consideren l&#8217;\u00fas del productes tradicionals i de proximitat, la carta de vins, el servei de sala, la professionalitat del personal, l&#8217;ambient i decoraci\u00f3, la presentaci\u00f3 dels plats, el nivell gastron\u00f2mic de la zona i el potencial tur\u00edstic (for\u00e7a per atreure visitants d&#8217;altres contrades) del local.<\/p>\n","protected":false},"excerpt":{"rendered":"<p>En el decurs de la gala celebrada el vespre d\u2019ahir dilluns a San Sebasti\u00e1n La Guia Repsol ha reconegut el Caravista com a \u201cRestaurant\u00a0recomanat&#8221; en el decurs de la gala celebrada ahir al vespre al Museo de San Telmo de San Sebasti\u00e1n. El local lleidat\u00e0 est\u00e0 regentat per Mateu Blanch, xef especialitzat en cuina marinera [&hellip;]<\/p>\n","protected":false},"author":5,"featured_media":3295,"comment_status":"closed","ping_status":"closed","sticky":false,"template":"","format":"standard","meta":{"_et_pb_use_builder":"","_et_pb_old_content":"","_et_gb_content_width":"","footnotes":""},"categories":[114,50],"tags":[],"class_list":["post-3955","post","type-post","status-publish","format-standard","has-post-thumbnail","hentry","category-noticies","category-sense-categoria"],"_links":{"self":[{"href":"https:\/\/caravistarestaurant.com\/ca\/wp-json\/wp\/v2\/posts\/3955","targetHints":{"allow":["GET"]}}],"collection":[{"href":"https:\/\/caravistarestaurant.com\/ca\/wp-json\/wp\/v2\/posts"}],"about":[{"href":"https:\/\/caravistarestaurant.com\/ca\/wp-json\/wp\/v2\/types\/post"}],"author":[{"embeddable":true,"href":"https:\/\/caravistarestaurant.com\/ca\/wp-json\/wp\/v2\/users\/5"}],"replies":[{"embeddable":true,"href":"https:\/\/caravistarestaurant.com\/ca\/wp-json\/wp\/v2\/comments?post=3955"}],"version-history":[{"count":3,"href":"https:\/\/caravistarestaurant.com\/ca\/wp-json\/wp\/v2\/posts\/3955\/revisions"}],"predecessor-version":[{"id":11028,"href":"https:\/\/caravistarestaurant.com\/ca\/wp-json\/wp\/v2\/posts\/3955\/revisions\/11028"}],"wp:featuredmedia":[{"embeddable":true,"href":"https:\/\/caravistarestaurant.com\/ca\/wp-json\/wp\/v2\/media\/3295"}],"wp:attachment":[{"href":"https:\/\/caravistarestaurant.com\/ca\/wp-json\/wp\/v2\/media?parent=3955"}],"wp:term":[{"taxonomy":"category","embeddable":true,"href":"https:\/\/caravistarestaurant.com\/ca\/wp-json\/wp\/v2\/categories?post=3955"},{"taxonomy":"post_tag","embeddable":true,"href":"https:\/\/caravistarestaurant.com\/ca\/wp-json\/wp\/v2\/tags?post=3955"}],"curies":[{"name":"wp","href":"https:\/\/api.w.org\/{rel}","templated":true}]}}