{"id":10251,"date":"2024-10-23T17:08:40","date_gmt":"2024-10-23T15:08:40","guid":{"rendered":"https:\/\/caravistarestaurant.com\/?p=10251"},"modified":"2025-01-20T10:53:25","modified_gmt":"2025-01-20T09:53:25","slug":"el-presidente-de-los-micropueblos-de-cataluna-visita-el-caravista","status":"publish","type":"post","link":"https:\/\/caravistarestaurant.com\/ca\/el-presidente-de-los-micropueblos-de-cataluna-visita-el-caravista\/","title":{"rendered":"EL PRESIDENT DELS MICROPOBLES DE CATALUNYA VISITA EL CARAVISTA"},"content":{"rendered":"\n<div class=\"wp-block-group is-nowrap is-layout-flex wp-container-core-group-is-layout-ad2f72ca wp-block-group-is-layout-flex\">\n<p><strong>Joan Sol\u00e0 ha degustat un men\u00fa a base de plats mariners<\/strong><\/p>\n<\/div>\n\n\n\n<p>Joan Sol\u00e0, president de l\u2019Associaci\u00f3 de Micropobles de Catalunya, ha fet avui una \u201cincursi\u00f3 gastron\u00f2mica\u201d al restaurant Caravista aprofitant la seva visita a Lleida per participar en una reuni\u00f3 de treball. Sol\u00e0, que \u00e9s tamb\u00e9 alcalde de Riner (el Solson\u00e8s), ha degustat un dinar a base de peix fresc, incloses les reputades croquetes de gamba elaborades pel xef Mateu Blanch, rematat pel cl\u00e0ssic Ferrero Rocher Gold, un dol\u00e7 colof\u00f3 a un \u00e0pat on han predominat els productes de la mar salada.<\/p>\n\n\n\n<p>Sol\u00e0 ha remarcat la import\u00e0ncia de la cultura gastron\u00f2mica, especialment de la cuina mediterr\u00e0nia i, en el cas del Caravista, ha lloat la combinaci\u00f3 entre tradici\u00f3 i creativitat. El president de l\u2019Associaci\u00f3 de Micropobles de Catalunya ha recordat que, precisament, una de les l\u00ednies de treball de l\u2019Ajuntament de Riner es la promoci\u00f3 dels productes alimentaris de proximitat, especialment la mel, un dels eixos del projecte Redicat de salvaguarda de les abelles.<\/p>\n","protected":false},"excerpt":{"rendered":"<p>Joan Sol\u00e0 ha degustat un men\u00fa a base de plats mariners Joan Sol\u00e0, president de l\u2019Associaci\u00f3 de Micropobles de Catalunya, ha fet avui una \u201cincursi\u00f3 gastron\u00f2mica\u201d al restaurant Caravista aprofitant la seva visita a Lleida per participar en una reuni\u00f3 de treball. Sol\u00e0, que \u00e9s tamb\u00e9 alcalde de Riner (el Solson\u00e8s), ha degustat un dinar [&hellip;]<\/p>\n","protected":false},"author":3,"featured_media":10254,"comment_status":"closed","ping_status":"closed","sticky":false,"template":"","format":"standard","meta":{"_et_pb_use_builder":"","_et_pb_old_content":"","_et_gb_content_width":"","footnotes":""},"categories":[114,50],"tags":[],"class_list":["post-10251","post","type-post","status-publish","format-standard","has-post-thumbnail","hentry","category-noticies","category-sense-categoria"],"_links":{"self":[{"href":"https:\/\/caravistarestaurant.com\/ca\/wp-json\/wp\/v2\/posts\/10251","targetHints":{"allow":["GET"]}}],"collection":[{"href":"https:\/\/caravistarestaurant.com\/ca\/wp-json\/wp\/v2\/posts"}],"about":[{"href":"https:\/\/caravistarestaurant.com\/ca\/wp-json\/wp\/v2\/types\/post"}],"author":[{"embeddable":true,"href":"https:\/\/caravistarestaurant.com\/ca\/wp-json\/wp\/v2\/users\/3"}],"replies":[{"embeddable":true,"href":"https:\/\/caravistarestaurant.com\/ca\/wp-json\/wp\/v2\/comments?post=10251"}],"version-history":[{"count":4,"href":"https:\/\/caravistarestaurant.com\/ca\/wp-json\/wp\/v2\/posts\/10251\/revisions"}],"predecessor-version":[{"id":10262,"href":"https:\/\/caravistarestaurant.com\/ca\/wp-json\/wp\/v2\/posts\/10251\/revisions\/10262"}],"wp:featuredmedia":[{"embeddable":true,"href":"https:\/\/caravistarestaurant.com\/ca\/wp-json\/wp\/v2\/media\/10254"}],"wp:attachment":[{"href":"https:\/\/caravistarestaurant.com\/ca\/wp-json\/wp\/v2\/media?parent=10251"}],"wp:term":[{"taxonomy":"category","embeddable":true,"href":"https:\/\/caravistarestaurant.com\/ca\/wp-json\/wp\/v2\/categories?post=10251"},{"taxonomy":"post_tag","embeddable":true,"href":"https:\/\/caravistarestaurant.com\/ca\/wp-json\/wp\/v2\/tags?post=10251"}],"curies":[{"name":"wp","href":"https:\/\/api.w.org\/{rel}","templated":true}]}}